{"id":18245,"date":"2020-10-09T14:21:29","date_gmt":"2020-10-09T12:21:29","guid":{"rendered":"http:\/\/www.acsa.junta-andalucia.es\/agenciadecalidadsanitaria\/?p=18245"},"modified":"2023-10-25T14:18:56","modified_gmt":"2023-10-25T12:18:56","slug":"la-residencia-para-menores-con-necesidades-especiales-de-cruz-roja-espanola-en-cordoba-recibe-la-certificacion-de-la-agencia-de-calidad-sanitaria-de-andalucia","status":"publish","type":"post","link":"https:\/\/www.acsa.junta-andalucia.es\/agenciadecalidadsanitaria\/la-residencia-para-menores-con-necesidades-especiales-de-cruz-roja-espanola-en-cordoba-recibe-la-certificacion-de-la-agencia-de-calidad-sanitaria-de-andalucia\/","title":{"rendered":"La Residencia para menores con necesidades especiales de Cruz Roja Espa\u00f1ola en C\u00f3rdoba recibe la certificaci\u00f3n de la Agencia de Calidad Sanitaria de Andaluc\u00eda"},"content":{"rendered":"<h4 style=\"text-align: justify;\">La delegada de Educaci\u00f3n, Deporte, Igualdad, Pol\u00edticas Sociales y Conciliaci\u00f3n en C\u00f3rdoba ha presidido la entrega del certificado de calidad a este centro, que atiende a diez menores tutelados con necesidades especiales<\/h4>\n<p style=\"text-align: justify;\">La <strong>Residencia para menores con necesidades especiales de Cruz Roja Espa\u00f1ola en C\u00f3rdoba<\/strong> ha recibido hoy la certificaci\u00f3n de la Agencia de Calidad Sanitaria de Andaluc\u00eda (ACSA). Este distintivo reconoce el <strong>compromiso de los profesionales de este centro con la mejora continua y la calidad<\/strong> de la asistencia que ofrecen a <strong>menores con alg\u00fan tipo de discapacidad<\/strong> sensorial, mot\u00f3rica, ps\u00edquica y\/o alteraci\u00f3n grave del desarrollo, u con <strong>otras necesidades de atenci\u00f3n especial<\/strong> que requieran una atenci\u00f3n espec\u00edfica.<\/p>\n<h5>Acto de entrega<\/h5>\n<p style=\"text-align: justify;\">El acto de entrega de los distintivos de calidad, celebrado hoy en la sede de Cruz Roja, ha sido presidido por la <strong>delegada territorial de Educaci\u00f3n, Deporte, Igualdad, Pol\u00edticas Sociales y Conciliaci\u00f3n en C\u00f3rdoba, Inmaculada Troncoso Garc\u00eda<\/strong>, y ha contado con la presencia de la <strong>jefa de servicios de Protecci\u00f3n de Menores, Mar\u00eda Teresa Portell Soriano<\/strong>, de la <strong>presidenta de la Asamblea Provincial de C\u00f3rdoba de Cruz Roja Espa\u00f1ola, C\u00e1ndida Delia Ruiz L\u00f3pez<\/strong>, del <strong>director de la Agencia de Calidad Sanitaria de Andaluc\u00eda, Jos\u00e9 Ignacio del R\u00edo Maza de Lizana<\/strong>, y de la <strong>directora de la residencia, Soledad Bravo Rodr\u00edguez<\/strong>. Asimismo, en el acto han participado varios representantes provinciales de Cruz Roja Espa\u00f1ola.<\/p>\n<p style=\"text-align: justify;\">En el cierre del acto, <strong>Troncoso ha elogiado la labor desempe\u00f1ada por esta residencia<\/strong> para menores, que \u201cjuega un <strong>papel trascendental en la atenci\u00f3n, el desarrollo integral y la compensaci\u00f3n de las necesidades especiales<\/strong>, todo, dentro de un ambiente normalizado, que conjuga, por un lado, los recursos profesionales y materiales suficientes y adecuados, y, por otro, una <strong>gran calidez humana<\/strong>, concebida como una atenci\u00f3n a menores que es reflejo de los estilos y caracter\u00edsticas generales de una familia com\u00fan\u201d.<\/p>\n<p style=\"text-align: justify;\"><strong>C\u00e1ndida Ruiz<\/strong>, por su parte, ha agradecido en nombre de Cruz Roja este distintivo, \u201cque no es sino el <strong>reconocimiento de la labor que desempe\u00f1an todos los profesionales de esta casa<\/strong>, que consiguen convertir en un <strong>verdadero hogar para todos los ni\u00f1os y ni\u00f1as<\/strong> que por ella pasan\u201d.<\/p>\n<h5>Resultados del proceso de certificaci\u00f3n<\/h5>\n<p style=\"text-align: justify;\">Durante el acto, la directora de la residencia ha recogido en representaci\u00f3n de todo el equipo el certificado que acredita la finalizaci\u00f3n de su proceso de certificaci\u00f3n con la ACSA, culminado con la <strong>obtenci\u00f3n del nivel \u2018Avanzado\u2019<\/strong>.<\/p>\n<p style=\"text-align: justify;\">Durante el proceso de certificaci\u00f3n de este centro, el equipo evaluador ha podido comprobar algunos aspectos que pueden considerarse verdaderas fortalezas de su labor asistencial. Entre ellos, se destaca el clima familiar y la <strong>relaci\u00f3n de afectividad y confianza<\/strong> entre profesionales y menores, que en sus entrevistas han demostrado tener un fuerte <strong>sentimiento de pertenencia al centro<\/strong>.<\/p>\n<p style=\"text-align: justify;\">Adem\u00e1s, los evaluadores han valorado positivamente el trabajo realizado para favorecer la comunicaci\u00f3n y <strong>garantizar la accesibilidad de la informaci\u00f3n<\/strong> para los menores, a trav\u00e9s de sistemas alternativos y aumentativos para adaptar la informaci\u00f3n a sus necesidades. En este sentido, se han destacado especialmente las iniciativas desarrolladas para involucrar a los menores residentes en la <strong>mejora de comunicaci\u00f3n en situaciones de especial dificultad<\/strong>, como en el caso de un menor con problemas auditivos, en beneficio de su integraci\u00f3n y de su participaci\u00f3n en la vida diaria.<\/p>\n<p style=\"text-align: justify;\">Tambi\u00e9n se ha destacado el <strong>compromiso firme por la calidad y la mejora continua<\/strong> de los profesionales del centro, que han mostrado gran inter\u00e9s por las opciones de mejora resultantes de la autoevaluaci\u00f3n que han realizado sobre su trabajo diario.<\/p>\n<h5 style=\"text-align: justify;\">La Agencia de Calidad Sanitaria de Andaluc\u00eda<\/h5>\n<p style=\"text-align: justify;\">La Agencia de Calidad Sanitaria de Andaluc\u00eda es una entidad de evaluaci\u00f3n y certificaci\u00f3n adscrita a la Consejer\u00eda de Salud y Familias e integrada en la Fundaci\u00f3n Progreso y Salud. Su actividad de certificaci\u00f3n se dirige a los centros y unidades sanitarias y de servicios sociales, a las competencias de los profesionales sanitarios, a la formaci\u00f3n continuada y a las p\u00e1ginas web y blogs sanitarios, seg\u00fan el modelo de certificaci\u00f3n del Sistema Sanitario P\u00fablico de Andaluc\u00eda, buscando siempre la excelencia en la atenci\u00f3n sanitaria y favoreciendo una cultura de la mejora continua.<\/p>\n","protected":false},"excerpt":{"rendered":"<p>La delegada de Educaci\u00f3n, Deporte, Igualdad, Pol\u00edticas Sociales y Conciliaci\u00f3n en C\u00f3rdoba ha presidido la entrega del certificado de calidad a este centro, que atiende a diez menores tutelados con necesidades especiales.<\/p>\n","protected":false},"author":1,"featured_media":35214,"comment_status":"closed","ping_status":"open","sticky":false,"template":"","format":"standard","meta":{"_monsterinsights_skip_tracking":false,"_monsterinsights_sitenote_active":false,"_monsterinsights_sitenote_note":"","_monsterinsights_sitenote_category":0,"_uf_show_specific_survey":0,"_uf_disable_surveys":false,"footnotes":""},"categories":[281,12],"tags":[172,583,160,109,219,584,87,585],"class_list":["post-18245","post","type-post","status-publish","format-standard","has-post-thumbnail","hentry","category-centros-y-unidades","category-noticias-acsa","tag-calidad-asistencial","tag-centro-de-menores","tag-certificacion-de-calidad","tag-cordoba","tag-cruz-roja","tag-menas","tag-residencia","tag-residencia-de-menores"],"_links":{"self":[{"href":"\/agenciadecalidadsanitaria\/wp-json\/wp\/v2\/posts\/18245","targetHints":{"allow":["GET"]}}],"collection":[{"href":"\/agenciadecalidadsanitaria\/wp-json\/wp\/v2\/posts"}],"about":[{"href":"\/agenciadecalidadsanitaria\/wp-json\/wp\/v2\/types\/post"}],"author":[{"embeddable":true,"href":"\/agenciadecalidadsanitaria\/wp-json\/wp\/v2\/users\/1"}],"replies":[{"embeddable":true,"href":"\/agenciadecalidadsanitaria\/wp-json\/wp\/v2\/comments?post=18245"}],"version-history":[{"count":1,"href":"\/agenciadecalidadsanitaria\/wp-json\/wp\/v2\/posts\/18245\/revisions"}],"predecessor-version":[{"id":35215,"href":"\/agenciadecalidadsanitaria\/wp-json\/wp\/v2\/posts\/18245\/revisions\/35215"}],"wp:featuredmedia":[{"embeddable":true,"href":"\/agenciadecalidadsanitaria\/wp-json\/wp\/v2\/media\/35214"}],"wp:attachment":[{"href":"\/agenciadecalidadsanitaria\/wp-json\/wp\/v2\/media?parent=18245"}],"wp:term":[{"taxonomy":"category","embeddable":true,"href":"\/agenciadecalidadsanitaria\/wp-json\/wp\/v2\/categories?post=18245"},{"taxonomy":"post_tag","embeddable":true,"href":"\/agenciadecalidadsanitaria\/wp-json\/wp\/v2\/tags?post=18245"}],"curies":[{"name":"wp","href":"https:\/\/api.w.org\/{rel}","templated":true}]}}